{"id":978,"date":"2017-08-29T10:12:46","date_gmt":"2017-08-29T08:12:46","guid":{"rendered":"https:\/\/www.standard-serigraphie.com\/blog\/?p=978"},"modified":"2017-08-29T10:12:46","modified_gmt":"2017-08-29T08:12:46","slug":"mariniere-personnalisee-pour-ikea-nantes","status":"publish","type":"post","link":"https:\/\/www.standard-serigraphie.com\/blog\/realisations\/mariniere-personnalisee-pour-ikea-nantes","title":{"rendered":"Marini\u00e8re Personnalis\u00e9e pour Ikea Nantes"},"content":{"rendered":"<p>Pour c\u00e9l\u00e9brer les 15 ans de l&rsquo;ouverture de magasin Ikea de Nantes, nos clients ont jou\u00e9 la carte c\u00f4t\u00e9 \u00ab\u00a0Mer\u00a0\u00bb avec cet esprit Marini\u00e8re tr\u00e8s tendance avec une impression en S\u00e9rigraphie en 1 Couleur dans l&rsquo;id\u00e9e \u00ab\u00a0Vintage\u00a0\u00bb sur la manche pour son c\u00f4t\u00e9 original tout en \u00e9tant discret.<\/p>\n<p>La Marini\u00e8re personnalis\u00e9e un autre moyen de communiquer et se d\u00e9marquer ! Le personnel du magasin tr\u00e8s satisfait de ce choix, ont exprim\u00e9 leur enthousiasme. Marre du traditionnel <a href=\"https:\/\/www.standard-serigraphie.com\/t-shirts.html\">T-shirt publicitaire<\/a> ou Polo\u00a0 ? Chez Standard S\u00e9rigraphie nous avons un large choix de <a href=\"https:\/\/www.standard-serigraphie.com\/\">V\u00eatement Personnalisable<\/a> \u00e0 vous proposer, notre \u00e9quipe est l\u00e0 pour vous aider et vous aiguiller suivant ce que vous souhaitez communiquez comme message ou image.<\/p>\n<h2>Nous vous conseillons sur les techniques d&rsquo;impression pour vos textiles personnalis\u00e9s et nous avons toujours \u00e0 l&rsquo;esprit \u00e0 l&rsquo;id\u00e9e de vous diriger vers le meilleur rapport qualit\u00e9\/prix car votre satisfaction est notre priorit\u00e9 !<\/h2>\n<p>&nbsp;<\/p>\n<p><strong>Date :<\/strong> Juin 2017<\/p>\n<p><strong>Technique de Marquage :<\/strong> S\u00e9rigraphie direct sur textile<\/p>\n<p><strong>Textile :<\/strong> Marini\u00e8re Manches longues 190 Gr 100 % coton<\/p>\n<p>&nbsp;<\/p>\n\n\t\t<style type=\"text\/css\">\n\t\t\t#gallery-1 {\n\t\t\t\tmargin: auto;\n\t\t\t}\n\t\t\t#gallery-1 .gallery-item {\n\t\t\t\tfloat: left;\n\t\t\t\tmargin-top: 10px;\n\t\t\t\ttext-align: center;\n\t\t\t\twidth: 33%;\n\t\t\t}\n\t\t\t#gallery-1 img {\n\t\t\t\tborder: 2px solid #cfcfcf;\n\t\t\t}\n\t\t\t#gallery-1 .gallery-caption {\n\t\t\t\tmargin-left: 0;\n\t\t\t}\n\t\t\t\/* see gallery_shortcode() in wp-includes\/media.php *\/\n\t\t<\/style>\n\t\t<div id='gallery-1' class='gallery galleryid-978 gallery-columns-3 gallery-size-thumbnail'><dl class='gallery-item'>\n\t\t\t<dt class='gallery-icon portrait'>\n\t\t\t\t<a href='https:\/\/www.standard-serigraphie.com\/blog\/wp-content\/uploads\/2017\/08\/Marini\u00e8re-Personnalis\u00e9e-pour-Ikea.jpg'><img decoding=\"async\" width=\"150\" height=\"150\" src=\"https:\/\/www.standard-serigraphie.com\/blog\/wp-content\/uploads\/2017\/08\/Marini\u00e8re-Personnalis\u00e9e-pour-Ikea-150x150.jpg\" class=\"attachment-thumbnail size-thumbnail\" alt=\"\" aria-describedby=\"gallery-1-1024\" srcset=\"https:\/\/www.standard-serigraphie.com\/blog\/wp-content\/uploads\/2017\/08\/Marini\u00e8re-Personnalis\u00e9e-pour-Ikea-150x150.jpg 150w, https:\/\/www.standard-serigraphie.com\/blog\/wp-content\/uploads\/2017\/08\/Marini\u00e8re-Personnalis\u00e9e-pour-Ikea-440x440.jpg 440w\" sizes=\"(max-width: 150px) 100vw, 150px\" \/><\/a>\n\t\t\t<\/dt>\n\t\t\t\t<dd class='wp-caption-text gallery-caption' id='gallery-1-1024'>\n\t\t\t\tMarini\u00e8re Personnalis\u00e9e pour Ikea (1)\n\t\t\t\t<\/dd><\/dl><dl class='gallery-item'>\n\t\t\t<dt class='gallery-icon portrait'>\n\t\t\t\t<a href='https:\/\/www.standard-serigraphie.com\/blog\/wp-content\/uploads\/2017\/08\/Marini\u00e8re-Personnalis\u00e9e-pour-Ikea-3.jpg'><img decoding=\"async\" width=\"150\" height=\"150\" src=\"https:\/\/www.standard-serigraphie.com\/blog\/wp-content\/uploads\/2017\/08\/Marini\u00e8re-Personnalis\u00e9e-pour-Ikea-3-150x150.jpg\" class=\"attachment-thumbnail size-thumbnail\" alt=\"\" aria-describedby=\"gallery-1-1023\" srcset=\"https:\/\/www.standard-serigraphie.com\/blog\/wp-content\/uploads\/2017\/08\/Marini\u00e8re-Personnalis\u00e9e-pour-Ikea-3-150x150.jpg 150w, https:\/\/www.standard-serigraphie.com\/blog\/wp-content\/uploads\/2017\/08\/Marini\u00e8re-Personnalis\u00e9e-pour-Ikea-3-440x440.jpg 440w\" sizes=\"(max-width: 150px) 100vw, 150px\" \/><\/a>\n\t\t\t<\/dt>\n\t\t\t\t<dd class='wp-caption-text gallery-caption' id='gallery-1-1023'>\n\t\t\t\tMarini\u00e8re Personnalis\u00e9e pour Ikea (2)\n\t\t\t\t<\/dd><\/dl><dl class='gallery-item'>\n\t\t\t<dt class='gallery-icon portrait'>\n\t\t\t\t<a href='https:\/\/www.standard-serigraphie.com\/blog\/wp-content\/uploads\/2017\/08\/Marini\u00e8re-Personnalis\u00e9e-pour-Ikea-2.jpg'><img decoding=\"async\" width=\"150\" height=\"150\" src=\"https:\/\/www.standard-serigraphie.com\/blog\/wp-content\/uploads\/2017\/08\/Marini\u00e8re-Personnalis\u00e9e-pour-Ikea-2-150x150.jpg\" class=\"attachment-thumbnail size-thumbnail\" alt=\"\" aria-describedby=\"gallery-1-1022\" srcset=\"https:\/\/www.standard-serigraphie.com\/blog\/wp-content\/uploads\/2017\/08\/Marini\u00e8re-Personnalis\u00e9e-pour-Ikea-2-150x150.jpg 150w, https:\/\/www.standard-serigraphie.com\/blog\/wp-content\/uploads\/2017\/08\/Marini\u00e8re-Personnalis\u00e9e-pour-Ikea-2-440x440.jpg 440w\" sizes=\"(max-width: 150px) 100vw, 150px\" \/><\/a>\n\t\t\t<\/dt>\n\t\t\t\t<dd class='wp-caption-text gallery-caption' id='gallery-1-1022'>\n\t\t\t\tMarini\u00e8re Personnalis\u00e9e pour Ikea (3)\n\t\t\t\t<\/dd><\/dl><br style=\"clear: both\" \/>\n\t\t<\/div>\n\n","protected":false},"excerpt":{"rendered":"<p>Pour c\u00e9l\u00e9brer les 15 ans de l&rsquo;ouverture de magasin Ikea de Nantes, nos clients ont jou\u00e9 la carte c\u00f4t\u00e9 \u00ab\u00a0Mer\u00a0\u00bb avec cet esprit Marini\u00e8re tr\u00e8s tendance avec une impression en S\u00e9rigraphie en 1 Couleur dans l&rsquo;id\u00e9e \u00ab\u00a0Vintage\u00a0\u00bb sur la manche pour son c\u00f4t\u00e9 original tout en \u00e9tant discret. La Marini\u00e8re personnalis\u00e9e un autre moyen de [&hellip;]<\/p>\n","protected":false},"author":2,"featured_media":1024,"comment_status":"open","ping_status":"open","sticky":false,"template":"","format":"standard","meta":{"_seopress_robots_primary_cat":"","_seopress_titles_title":"","_seopress_titles_desc":"","_seopress_robots_index":"","_et_pb_use_builder":"","_et_pb_old_content":"","_et_gb_content_width":"","footnotes":""},"categories":[12],"tags":[31],"class_list":["post-978","post","type-post","status-publish","format-standard","has-post-thumbnail","hentry","category-realisations","tag-vetements-personnalises","et-has-post-format-content","et_post_format-et-post-format-standard"],"_links":{"self":[{"href":"https:\/\/www.standard-serigraphie.com\/blog\/wp-json\/wp\/v2\/posts\/978","targetHints":{"allow":["GET"]}}],"collection":[{"href":"https:\/\/www.standard-serigraphie.com\/blog\/wp-json\/wp\/v2\/posts"}],"about":[{"href":"https:\/\/www.standard-serigraphie.com\/blog\/wp-json\/wp\/v2\/types\/post"}],"author":[{"embeddable":true,"href":"https:\/\/www.standard-serigraphie.com\/blog\/wp-json\/wp\/v2\/users\/2"}],"replies":[{"embeddable":true,"href":"https:\/\/www.standard-serigraphie.com\/blog\/wp-json\/wp\/v2\/comments?post=978"}],"version-history":[{"count":7,"href":"https:\/\/www.standard-serigraphie.com\/blog\/wp-json\/wp\/v2\/posts\/978\/revisions"}],"predecessor-version":[{"id":1170,"href":"https:\/\/www.standard-serigraphie.com\/blog\/wp-json\/wp\/v2\/posts\/978\/revisions\/1170"}],"wp:featuredmedia":[{"embeddable":true,"href":"https:\/\/www.standard-serigraphie.com\/blog\/wp-json\/wp\/v2\/media\/1024"}],"wp:attachment":[{"href":"https:\/\/www.standard-serigraphie.com\/blog\/wp-json\/wp\/v2\/media?parent=978"}],"wp:term":[{"taxonomy":"category","embeddable":true,"href":"https:\/\/www.standard-serigraphie.com\/blog\/wp-json\/wp\/v2\/categories?post=978"},{"taxonomy":"post_tag","embeddable":true,"href":"https:\/\/www.standard-serigraphie.com\/blog\/wp-json\/wp\/v2\/tags?post=978"}],"curies":[{"name":"wp","href":"https:\/\/api.w.org\/{rel}","templated":true}]}}