{"id":838,"date":"2017-07-17T23:18:13","date_gmt":"2017-07-17T21:18:13","guid":{"rendered":"https:\/\/www.standard-serigraphie.com\/blog\/?p=838"},"modified":"2017-07-17T23:28:59","modified_gmt":"2017-07-17T21:28:59","slug":"tote-bag-personnalise-le-sac-en-coton-devenu-tendance","status":"publish","type":"post","link":"https:\/\/www.standard-serigraphie.com\/blog\/tendance\/tote-bag-personnalise-le-sac-en-coton-devenu-tendance","title":{"rendered":"Tote Bag Personnalis\u00e9 : le Sac en Coton devenu Tendance !"},"content":{"rendered":"<p>Le Tote Bag signifie \u00ab\u00a0Sac Fourre-tout\u00a0\u00bb est bien plus que \u00e7a ! Bien au del\u00e0 du sac promotionnel par lequel on communique gr\u00e2ce \u00e0 la personnalisation de son Logo (par exemple : Le Tote Bag Personnalis\u00e9 en <a href=\"https:\/\/www.standard-serigraphie.com\/\">S\u00e9rigraphie<\/a> pour un esth\u00e9tisme irr\u00e9prochable), il v\u00e9hicule l&rsquo;image tr\u00e8s positive d&rsquo;un produit : \u00e9conomique, \u00e9cologique, pratique, l\u00e9ger, r\u00e9sistant&#8230;Le Tote Bag est tout \u00e7a \u00e0 la fois !<\/p>\n<h2>Ce sac en coton est incroyables sur les possibilit\u00e9s qu&rsquo;il offre pour la personnalisation : S\u00e9rigraphie, Num\u00e9rique DTG, Flocage en Transfert&#8230;<\/h2>\n<p>Le Tote Bag est Tendance ! On l&#8217;emm\u00e8ne partout, pour faire ses courses, aller \u00e0 la plage, 2\/3 bricoles \u00e0 transporter et \u00ab\u00a0hop\u00a0\u00bb c&rsquo;est lui qu&rsquo;on utilise, m\u00eame les jeunes s&rsquo;y mettent que ce soit pour les loisirs ou l&rsquo;\u00e9cole ! Il est de toutes les parties.<\/p>\n<p>Vous l&rsquo;aurez compris&#8230;\u00e0 chacun son Tote Bag :<\/p>\n<p>&#8211; de 140 Gr \u00e0 300 Gr<\/p>\n<p>&#8211; coton peign\u00e9 ou coton Bio<\/p>\n<p>&#8211; plusieurs formats : A4 \/ A3<\/p>\n<p>&#8211; poign\u00e9es courtes ou longues<\/p>\n<p>&#8211; large choix de coloris<\/p>\n<p>Le <a href=\"https:\/\/www.standard-serigraphie.com\/tote-bag.html\">Tote Bag Personnalisable<\/a> ou Sac en coton peut importe comment vous le nommez, l&rsquo;important c&rsquo;est que vous l&rsquo;ayez !<\/p>\n<p>Il a tout pour vous s\u00e9duire alors pourquoi attendre ? Courez vite le personnaliser \u00e0 votre image \ud83d\ude09<\/p>\n<p>Quelques exemple de Tote Bags imprim\u00e9s par l\u2019atelier d\u2019impression textile standard S\u00e9rigraphie :<\/p>\n\n\t\t<style type=\"text\/css\">\n\t\t\t#gallery-1 {\n\t\t\t\tmargin: auto;\n\t\t\t}\n\t\t\t#gallery-1 .gallery-item {\n\t\t\t\tfloat: left;\n\t\t\t\tmargin-top: 10px;\n\t\t\t\ttext-align: center;\n\t\t\t\twidth: 50%;\n\t\t\t}\n\t\t\t#gallery-1 img {\n\t\t\t\tborder: 2px solid #cfcfcf;\n\t\t\t}\n\t\t\t#gallery-1 .gallery-caption {\n\t\t\t\tmargin-left: 0;\n\t\t\t}\n\t\t\t\/* see gallery_shortcode() in wp-includes\/media.php *\/\n\t\t<\/style>\n\t\t<div id='gallery-1' class='gallery galleryid-838 gallery-columns-2 gallery-size-thumbnail'><dl class='gallery-item'>\n\t\t\t<dt class='gallery-icon portrait'>\n\t\t\t\t<a href='https:\/\/www.standard-serigraphie.com\/blog\/wp-content\/uploads\/2017\/07\/Tote-Bag-Personnalis\u00e9-1.jpg'><img decoding=\"async\" width=\"150\" height=\"150\" src=\"https:\/\/www.standard-serigraphie.com\/blog\/wp-content\/uploads\/2017\/07\/Tote-Bag-Personnalis\u00e9-1-150x150.jpg\" class=\"attachment-thumbnail size-thumbnail\" alt=\"\" aria-describedby=\"gallery-1-780\" srcset=\"https:\/\/www.standard-serigraphie.com\/blog\/wp-content\/uploads\/2017\/07\/Tote-Bag-Personnalis\u00e9-1-150x150.jpg 150w, https:\/\/www.standard-serigraphie.com\/blog\/wp-content\/uploads\/2017\/07\/Tote-Bag-Personnalis\u00e9-1-640x640.jpg 640w, https:\/\/www.standard-serigraphie.com\/blog\/wp-content\/uploads\/2017\/07\/Tote-Bag-Personnalis\u00e9-1-440x440.jpg 440w\" sizes=\"(max-width: 150px) 100vw, 150px\" \/><\/a>\n\t\t\t<\/dt>\n\t\t\t\t<dd class='wp-caption-text gallery-caption' id='gallery-1-780'>\n\t\t\t\tTote bag Personnalis\u00e9 pour le New Beach\n\t\t\t\t<\/dd><\/dl><dl class='gallery-item'>\n\t\t\t<dt class='gallery-icon portrait'>\n\t\t\t\t<a href='https:\/\/www.standard-serigraphie.com\/blog\/wp-content\/uploads\/2017\/06\/Tote-Bag-Publicitaire-en-S\u00e9rigraphie-2.jpg'><img decoding=\"async\" width=\"150\" height=\"150\" src=\"https:\/\/www.standard-serigraphie.com\/blog\/wp-content\/uploads\/2017\/06\/Tote-Bag-Publicitaire-en-S\u00e9rigraphie-2-150x150.jpg\" class=\"attachment-thumbnail size-thumbnail\" alt=\"\" aria-describedby=\"gallery-1-555\" srcset=\"https:\/\/www.standard-serigraphie.com\/blog\/wp-content\/uploads\/2017\/06\/Tote-Bag-Publicitaire-en-S\u00e9rigraphie-2-150x150.jpg 150w, https:\/\/www.standard-serigraphie.com\/blog\/wp-content\/uploads\/2017\/06\/Tote-Bag-Publicitaire-en-S\u00e9rigraphie-2-440x440.jpg 440w\" sizes=\"(max-width: 150px) 100vw, 150px\" \/><\/a>\n\t\t\t<\/dt>\n\t\t\t\t<dd class='wp-caption-text gallery-caption' id='gallery-1-555'>\n\t\t\t\tS\u00e9rigraphie sur Tote Bag Publicitaire pour O2 \n\t\t\t\t<\/dd><\/dl><br style=\"clear: both\" \/><dl class='gallery-item'>\n\t\t\t<dt class='gallery-icon portrait'>\n\t\t\t\t<a href='https:\/\/www.standard-serigraphie.com\/blog\/wp-content\/uploads\/2017\/06\/Tote-bag-Personnalis\u00e9-en-S\u00e9rigraphie-2.jpg'><img decoding=\"async\" width=\"150\" height=\"150\" src=\"https:\/\/www.standard-serigraphie.com\/blog\/wp-content\/uploads\/2017\/06\/Tote-bag-Personnalis\u00e9-en-S\u00e9rigraphie-2-150x150.jpg\" class=\"attachment-thumbnail size-thumbnail\" alt=\"\" aria-describedby=\"gallery-1-549\" srcset=\"https:\/\/www.standard-serigraphie.com\/blog\/wp-content\/uploads\/2017\/06\/Tote-bag-Personnalis\u00e9-en-S\u00e9rigraphie-2-150x150.jpg 150w, https:\/\/www.standard-serigraphie.com\/blog\/wp-content\/uploads\/2017\/06\/Tote-bag-Personnalis\u00e9-en-S\u00e9rigraphie-2-440x440.jpg 440w\" sizes=\"(max-width: 150px) 100vw, 150px\" \/><\/a>\n\t\t\t<\/dt>\n\t\t\t\t<dd class='wp-caption-text gallery-caption' id='gallery-1-549'>\n\t\t\t\tS\u00e9rigraphie sur Tote Bag pour CVPx\n\t\t\t\t<\/dd><\/dl><dl class='gallery-item'>\n\t\t\t<dt class='gallery-icon portrait'>\n\t\t\t\t<a href='https:\/\/www.standard-serigraphie.com\/blog\/wp-content\/uploads\/2017\/07\/Tote-Bag-Personnalis\u00e9-en-S\u00e9rigraphie-pour-Civissum-e1499925823461.jpg'><img decoding=\"async\" width=\"150\" height=\"150\" src=\"https:\/\/www.standard-serigraphie.com\/blog\/wp-content\/uploads\/2017\/07\/Tote-Bag-Personnalis\u00e9-en-S\u00e9rigraphie-pour-Civissum-150x150.jpg\" class=\"attachment-thumbnail size-thumbnail\" alt=\"\" aria-describedby=\"gallery-1-805\" srcset=\"https:\/\/www.standard-serigraphie.com\/blog\/wp-content\/uploads\/2017\/07\/Tote-Bag-Personnalis\u00e9-en-S\u00e9rigraphie-pour-Civissum-150x150.jpg 150w, https:\/\/www.standard-serigraphie.com\/blog\/wp-content\/uploads\/2017\/07\/Tote-Bag-Personnalis\u00e9-en-S\u00e9rigraphie-pour-Civissum-440x440.jpg 440w\" sizes=\"(max-width: 150px) 100vw, 150px\" \/><\/a>\n\t\t\t<\/dt>\n\t\t\t\t<dd class='wp-caption-text gallery-caption' id='gallery-1-805'>\n\t\t\t\tTote Bag Personnalis\u00e9 pour la Marque Civissum\n\t\t\t\t<\/dd><\/dl><br style=\"clear: both\" \/><dl class='gallery-item'>\n\t\t\t<dt class='gallery-icon portrait'>\n\t\t\t\t<a href='https:\/\/www.standard-serigraphie.com\/blog\/wp-content\/uploads\/2017\/06\/Tote-Bag-Personnalis\u00e9-en-Num\u00e9rique.jpg'><img decoding=\"async\" width=\"150\" height=\"150\" src=\"https:\/\/www.standard-serigraphie.com\/blog\/wp-content\/uploads\/2017\/06\/Tote-Bag-Personnalis\u00e9-en-Num\u00e9rique-150x150.jpg\" class=\"attachment-thumbnail size-thumbnail\" alt=\"\" aria-describedby=\"gallery-1-468\" srcset=\"https:\/\/www.standard-serigraphie.com\/blog\/wp-content\/uploads\/2017\/06\/Tote-Bag-Personnalis\u00e9-en-Num\u00e9rique-150x150.jpg 150w, https:\/\/www.standard-serigraphie.com\/blog\/wp-content\/uploads\/2017\/06\/Tote-Bag-Personnalis\u00e9-en-Num\u00e9rique-440x440.jpg 440w\" sizes=\"(max-width: 150px) 100vw, 150px\" \/><\/a>\n\t\t\t<\/dt>\n\t\t\t\t<dd class='wp-caption-text gallery-caption' id='gallery-1-468'>\n\t\t\t\tNum\u00e9rique DTG sur Tote Bag pour le Festival Art Rock de St Brieuc\n\t\t\t\t<\/dd><\/dl><dl class='gallery-item'>\n\t\t\t<dt class='gallery-icon portrait'>\n\t\t\t\t<a href='https:\/\/www.standard-serigraphie.com\/blog\/wp-content\/uploads\/2017\/05\/Tote-Bag-Personnalis\u00e9-Coop-HLM-2.jpg'><img decoding=\"async\" width=\"150\" height=\"150\" src=\"https:\/\/www.standard-serigraphie.com\/blog\/wp-content\/uploads\/2017\/05\/Tote-Bag-Personnalis\u00e9-Coop-HLM-2-150x150.jpg\" class=\"attachment-thumbnail size-thumbnail\" alt=\"\" aria-describedby=\"gallery-1-162\" srcset=\"https:\/\/www.standard-serigraphie.com\/blog\/wp-content\/uploads\/2017\/05\/Tote-Bag-Personnalis\u00e9-Coop-HLM-2-150x150.jpg 150w, https:\/\/www.standard-serigraphie.com\/blog\/wp-content\/uploads\/2017\/05\/Tote-Bag-Personnalis\u00e9-Coop-HLM-2-440x440.jpg 440w\" sizes=\"(max-width: 150px) 100vw, 150px\" \/><\/a>\n\t\t\t<\/dt>\n\t\t\t\t<dd class='wp-caption-text gallery-caption' id='gallery-1-162'>\n\t\t\t\tTote Bag Personnalis\u00e9 en S\u00e9rigraphie Quadri\n\t\t\t\t<\/dd><\/dl><br style=\"clear: both\" \/>\n\t\t<\/div>\n\n<p>&nbsp;<\/p>\n<p>&nbsp;<\/p>\n","protected":false},"excerpt":{"rendered":"<p>Le Tote Bag signifie \u00ab\u00a0Sac Fourre-tout\u00a0\u00bb est bien plus que \u00e7a ! Bien au del\u00e0 du sac promotionnel par lequel on communique gr\u00e2ce \u00e0 la personnalisation de son Logo (par exemple : Le Tote Bag Personnalis\u00e9 en S\u00e9rigraphie pour un esth\u00e9tisme irr\u00e9prochable), il v\u00e9hicule l&rsquo;image tr\u00e8s positive d&rsquo;un produit : \u00e9conomique, \u00e9cologique, pratique, l\u00e9ger, r\u00e9sistant&#8230;Le [&hellip;]<\/p>\n","protected":false},"author":2,"featured_media":780,"comment_status":"open","ping_status":"open","sticky":false,"template":"","format":"standard","meta":{"_seopress_robots_primary_cat":"","_seopress_titles_title":"","_seopress_titles_desc":"","_seopress_robots_index":"","_et_pb_use_builder":"","_et_pb_old_content":"","_et_gb_content_width":"","footnotes":""},"categories":[10],"tags":[19],"class_list":["post-838","post","type-post","status-publish","format-standard","has-post-thumbnail","hentry","category-tendance","tag-tote-bag-personnalises","et-has-post-format-content","et_post_format-et-post-format-standard"],"_links":{"self":[{"href":"https:\/\/www.standard-serigraphie.com\/blog\/wp-json\/wp\/v2\/posts\/838","targetHints":{"allow":["GET"]}}],"collection":[{"href":"https:\/\/www.standard-serigraphie.com\/blog\/wp-json\/wp\/v2\/posts"}],"about":[{"href":"https:\/\/www.standard-serigraphie.com\/blog\/wp-json\/wp\/v2\/types\/post"}],"author":[{"embeddable":true,"href":"https:\/\/www.standard-serigraphie.com\/blog\/wp-json\/wp\/v2\/users\/2"}],"replies":[{"embeddable":true,"href":"https:\/\/www.standard-serigraphie.com\/blog\/wp-json\/wp\/v2\/comments?post=838"}],"version-history":[{"count":9,"href":"https:\/\/www.standard-serigraphie.com\/blog\/wp-json\/wp\/v2\/posts\/838\/revisions"}],"predecessor-version":[{"id":854,"href":"https:\/\/www.standard-serigraphie.com\/blog\/wp-json\/wp\/v2\/posts\/838\/revisions\/854"}],"wp:featuredmedia":[{"embeddable":true,"href":"https:\/\/www.standard-serigraphie.com\/blog\/wp-json\/wp\/v2\/media\/780"}],"wp:attachment":[{"href":"https:\/\/www.standard-serigraphie.com\/blog\/wp-json\/wp\/v2\/media?parent=838"}],"wp:term":[{"taxonomy":"category","embeddable":true,"href":"https:\/\/www.standard-serigraphie.com\/blog\/wp-json\/wp\/v2\/categories?post=838"},{"taxonomy":"post_tag","embeddable":true,"href":"https:\/\/www.standard-serigraphie.com\/blog\/wp-json\/wp\/v2\/tags?post=838"}],"curies":[{"name":"wp","href":"https:\/\/api.w.org\/{rel}","templated":true}]}}