{"id":1734,"date":"2018-01-15T12:37:42","date_gmt":"2018-01-15T11:37:42","guid":{"rendered":"https:\/\/www.standard-serigraphie.com\/blog\/?p=1734"},"modified":"2018-01-15T12:37:48","modified_gmt":"2018-01-15T11:37:48","slug":"tote-bag-personnalise-pour-lecole-saint-vincent-a-rennes","status":"publish","type":"post","link":"https:\/\/www.standard-serigraphie.com\/blog\/realisations\/tote-bag-personnalise-pour-lecole-saint-vincent-a-rennes","title":{"rendered":"Tote Bag Personnalis\u00e9 pour l&rsquo;\u00c9cole Saint-Vincent \u00e0 Rennes"},"content":{"rendered":"<p>Le Tote Bag Personnalis\u00e9 est un v\u00e9ritable ph\u00e9nom\u00e8ne de mode&#8230; Notamment dans les \u00e9coles, Lyc\u00e9es et Universit\u00e9s.<\/p>\n<p>L&rsquo;\u00e9cole Saint-Vincent situ\u00e9e \u00e0 Rennes, pr\u00e8s du centre-ville, permet aux \u00e9l\u00e8ves qui y sont scolaris\u00e9s de b\u00e9n\u00e9ficier de programmes culturels propos\u00e9s par la municipalit\u00e9 de Rennes : mus\u00e9e, th\u00e9\u00e2tre, cin\u00e9ma\u2026 Elle compte pr\u00e8s de 2 250 \u00e9l\u00e8ves, de la maternelle aux classes pr\u00e9paratoires.<\/p>\n<p>Nous avons imprim\u00e9 pour eux, une importante s\u00e9rie de <a href=\"https:\/\/www.standard-serigraphie.com\/tote-bag.html\">Tote Bag Personnalis\u00e9<\/a> \u00e0 l&rsquo;effigie de leur \u00e9tablissement qu&rsquo;ils offriront \u00e0 leurs \u00e9l\u00e8ves.<\/p>\n<p>&nbsp;<\/p>\n<h2>Pourquoi r\u00e9aliser un Tote Bag Personnalis\u00e9 pour un \u00e9tablissement ?<\/h2>\n<p>Le Tote Bag, a un double int\u00e9r\u00eat :<\/p>\n<p>&#8211; Il sert de sac de rangement des programmes scolaires de d\u00e9but d&rsquo;ann\u00e9e, l\u00e9ger et peu encombrant. Le Tote Bag remplace le sac en plastique aujourd&rsquo;hui interdit.<\/p>\n<p>&#8211; C&rsquo;est un support de communication parfait, pour mettre en avant le log de l&rsquo;\u00e9tablissement scolaire. Le Tote Bag Publicitaire, est le goodie pr\u00e9f\u00e9r\u00e9 des associations, entreprises et \u00e9tablissements scolaires<\/p>\n<h2>Quel est le co\u00fbt d&rsquo;un Tote Bag Personnalis\u00e9 pour un \u00c9tablissement ? :<\/h2>\n<p>Avec un co\u00fbt d&rsquo;achat tr\u00e8s raisonnable, Tote Bag + Marquage, c&rsquo;est actuellement, notre textile N\u00b01 des ventes, jug\u00e9 plut\u00f4t par vous m\u00eame quelques exemples de tarifs :<\/p>\n<p>1.50\u20ac HT pour 500 Tote Bags S\u00e9rigraphi\u00e9s<\/p>\n<p>1.30\u20ac HT pour 1 000 Tote Bags S\u00e9rigraphi\u00e9s<\/p>\n<p>1.15\u20ac HT pour 2 500 Tote Bags S\u00e9rigraphi\u00e9s<\/p>\n<p>Ce tarif, comprends un Tote Bag, 140Gr (1er prix) + le marquage du logo 1 Face en s\u00e9rigraphie + la livraison en France m\u00e9tropolitaine.<\/p>\n<h2><strong>Quelle r\u00e9f\u00e9rence de Tote Bag l&rsquo;\u00e9cole Saint-Vincent a \u00e9t\u00e9 s\u00e9lectionn\u00e9 ? :<\/strong><\/h2>\n<p>L&rsquo;\u00e9cole Saint-Vincent a choisi le Tote Bag Salvador, un mod\u00e8le de sac plus haut de gamme en 220 Gr :<\/p>\n<ul>\n<li>Sac 100% Coton 220 Gr<\/li>\n<li>Tote Bag avec Coutures renforc\u00e9es<\/li>\n<li>Sac qui se Porte sur l&rsquo;\u00e9paule avec ses longues hanses<\/li>\n<li>Tote Bag 100% Bio-d\u00e9gradable<\/li>\n<\/ul>\n<p>Le Tote bag Salvador 100% Coton, donne ce c\u00f4t\u00e9 doux et r\u00e9sistant, de plus il est 100% Bio-d\u00e9gradable, car, de plus en plus de clients recherches des produits \u00e9cologiques et n&rsquo;ayant aucun impact environnemental. C&rsquo;est pourquoi, nous sommes tr\u00e8s motiv\u00e9s pour r\u00e9pondre \u00e0 cette attente en proposant de plus en plus de textiles \u00e9cologiques dans toutes les cat\u00e9gories. Nous avons d\u00e9j\u00e0 contribuer \u00e0 la personnalisation de textiles pour des associations et projets qui ont pour valeurs la nature, l&rsquo;environnement&#8230; et c&rsquo;est toujours un plaisir de travailler pour ce genre de causes.<\/p>\n<p>Les coutures renforc\u00e9es poign\u00e9es assures une solidit\u00e9 exceptionnelle ainsi que la longueur de la hanse permet \u00e0 l&rsquo;h\u00f4te du textile de porter ce Tote Bag Personnalis\u00e9 \u00e0 la main ou \u00e0 l&rsquo;\u00e9paule, ce qui peut \u00eatre utile.<\/p>\n<h2><strong>Quelle Technique de Marquage a \u00e9t\u00e9 choisi ? :<\/strong><\/h2>\n<p>L&rsquo;\u00e9cole St-Vincent \u00e9tait \u00e0 la recherche d&rsquo;un Tote Bag \u00e9cologique et r\u00e9sistant. L&rsquo;impression du logo 1 Face 1 Couleur (Bleu) s&rsquo;est fait en s\u00e9rigraphie car, le logo \u00e9tant assez gros et avec peu de d\u00e9tails, c&rsquo;\u00e9tait la technique la plus ad\u00e9quate par rapport \u00e0 la rapidit\u00e9 d&rsquo;ex\u00e9cution et \u00e0 son prix. La demande a \u00e9tait trait\u00e9e rapidement et avec une pr\u00e9cision des contours tr\u00e8s nettes.<\/p>\n<p>Si vous aussi vous souhaitez faire imprimer et distribuer des Tote bags Personnalis\u00e9s ou Publicitaire \u00e0 l&rsquo;effigie de votre \u00c9cole autour de vous : faites appel \u00e0 notre atelier de s\u00e9rigraphie !<\/p>\n<p>R\u00e9ponse \u00e0 toutes vos questions ou devis sous 24 heures, demande par mail \u00e0 standard-serigraphie@orange.fr<\/p>\n<p>Galerie Photos :<\/p>\n\n\t\t<style type=\"text\/css\">\n\t\t\t#gallery-1 {\n\t\t\t\tmargin: auto;\n\t\t\t}\n\t\t\t#gallery-1 .gallery-item {\n\t\t\t\tfloat: left;\n\t\t\t\tmargin-top: 10px;\n\t\t\t\ttext-align: center;\n\t\t\t\twidth: 33%;\n\t\t\t}\n\t\t\t#gallery-1 img {\n\t\t\t\tborder: 2px solid #cfcfcf;\n\t\t\t}\n\t\t\t#gallery-1 .gallery-caption {\n\t\t\t\tmargin-left: 0;\n\t\t\t}\n\t\t\t\/* see gallery_shortcode() in wp-includes\/media.php *\/\n\t\t<\/style>\n\t\t<div id='gallery-1' class='gallery galleryid-1734 gallery-columns-3 gallery-size-thumbnail'><dl class='gallery-item'>\n\t\t\t<dt class='gallery-icon portrait'>\n\t\t\t\t<a href='https:\/\/www.standard-serigraphie.com\/blog\/wp-content\/uploads\/2017\/12\/Totebag-Personnalis\u00e9-pour-\u00c9cole-Saint-Vincent-\u00e0-Rennes-1-e1513182215345.jpg'><img decoding=\"async\" width=\"150\" height=\"150\" src=\"https:\/\/www.standard-serigraphie.com\/blog\/wp-content\/uploads\/2017\/12\/Totebag-Personnalis\u00e9-pour-\u00c9cole-Saint-Vincent-\u00e0-Rennes-1-e1513182215345-150x150.jpg\" class=\"attachment-thumbnail size-thumbnail\" alt=\"\" aria-describedby=\"gallery-1-1730\" srcset=\"https:\/\/www.standard-serigraphie.com\/blog\/wp-content\/uploads\/2017\/12\/Totebag-Personnalis\u00e9-pour-\u00c9cole-Saint-Vincent-\u00e0-Rennes-1-e1513182215345-150x150.jpg 150w, https:\/\/www.standard-serigraphie.com\/blog\/wp-content\/uploads\/2017\/12\/Totebag-Personnalis\u00e9-pour-\u00c9cole-Saint-Vincent-\u00e0-Rennes-1-e1513182215345-675x675.jpg 675w, https:\/\/www.standard-serigraphie.com\/blog\/wp-content\/uploads\/2017\/12\/Totebag-Personnalis\u00e9-pour-\u00c9cole-Saint-Vincent-\u00e0-Rennes-1-e1513182215345-440x440.jpg 440w\" sizes=\"(max-width: 150px) 100vw, 150px\" \/><\/a>\n\t\t\t<\/dt>\n\t\t\t\t<dd class='wp-caption-text gallery-caption' id='gallery-1-1730'>\n\t\t\t\tTote Bag en sortie de tunnel (1)\n\t\t\t\t<\/dd><\/dl><dl class='gallery-item'>\n\t\t\t<dt class='gallery-icon portrait'>\n\t\t\t\t<a href='https:\/\/www.standard-serigraphie.com\/blog\/wp-content\/uploads\/2017\/12\/Totebag-Personnalis\u00e9-pour-\u00c9cole-Saint-Vincent-\u00e0-Rennes-3-e1513182236556.jpg'><img decoding=\"async\" width=\"150\" height=\"150\" src=\"https:\/\/www.standard-serigraphie.com\/blog\/wp-content\/uploads\/2017\/12\/Totebag-Personnalis\u00e9-pour-\u00c9cole-Saint-Vincent-\u00e0-Rennes-3-e1513182236556-150x150.jpg\" class=\"attachment-thumbnail size-thumbnail\" alt=\"\" aria-describedby=\"gallery-1-1732\" srcset=\"https:\/\/www.standard-serigraphie.com\/blog\/wp-content\/uploads\/2017\/12\/Totebag-Personnalis\u00e9-pour-\u00c9cole-Saint-Vincent-\u00e0-Rennes-3-e1513182236556-150x150.jpg 150w, https:\/\/www.standard-serigraphie.com\/blog\/wp-content\/uploads\/2017\/12\/Totebag-Personnalis\u00e9-pour-\u00c9cole-Saint-Vincent-\u00e0-Rennes-3-e1513182236556-675x675.jpg 675w, https:\/\/www.standard-serigraphie.com\/blog\/wp-content\/uploads\/2017\/12\/Totebag-Personnalis\u00e9-pour-\u00c9cole-Saint-Vincent-\u00e0-Rennes-3-e1513182236556-440x440.jpg 440w\" sizes=\"(max-width: 150px) 100vw, 150px\" \/><\/a>\n\t\t\t<\/dt>\n\t\t\t\t<dd class='wp-caption-text gallery-caption' id='gallery-1-1732'>\n\t\t\t\tTote Bag en sortie de tunnel (2)\n\t\t\t\t<\/dd><\/dl><dl class='gallery-item'>\n\t\t\t<dt class='gallery-icon portrait'>\n\t\t\t\t<a href='https:\/\/www.standard-serigraphie.com\/blog\/wp-content\/uploads\/2017\/12\/Totebag-Personnalis\u00e9-pour-\u00c9cole-Saint-Vincent-\u00e0-Rennes-2-e1513182226831.jpg'><img decoding=\"async\" width=\"150\" height=\"150\" src=\"https:\/\/www.standard-serigraphie.com\/blog\/wp-content\/uploads\/2017\/12\/Totebag-Personnalis\u00e9-pour-\u00c9cole-Saint-Vincent-\u00e0-Rennes-2-e1513182226831-150x150.jpg\" class=\"attachment-thumbnail size-thumbnail\" alt=\"\" aria-describedby=\"gallery-1-1731\" srcset=\"https:\/\/www.standard-serigraphie.com\/blog\/wp-content\/uploads\/2017\/12\/Totebag-Personnalis\u00e9-pour-\u00c9cole-Saint-Vincent-\u00e0-Rennes-2-e1513182226831-150x150.jpg 150w, https:\/\/www.standard-serigraphie.com\/blog\/wp-content\/uploads\/2017\/12\/Totebag-Personnalis\u00e9-pour-\u00c9cole-Saint-Vincent-\u00e0-Rennes-2-e1513182226831-675x675.jpg 675w, https:\/\/www.standard-serigraphie.com\/blog\/wp-content\/uploads\/2017\/12\/Totebag-Personnalis\u00e9-pour-\u00c9cole-Saint-Vincent-\u00e0-Rennes-2-e1513182226831-440x440.jpg 440w\" sizes=\"(max-width: 150px) 100vw, 150px\" \/><\/a>\n\t\t\t<\/dt>\n\t\t\t\t<dd class='wp-caption-text gallery-caption' id='gallery-1-1731'>\n\t\t\t\tTote Bag Personnalis\u00e9 en S\u00e9rigraphie\n\t\t\t\t<\/dd><\/dl><br style=\"clear: both\" \/>\n\t\t<\/div>\n\n","protected":false},"excerpt":{"rendered":"<p>Le Tote Bag Personnalis\u00e9 est un v\u00e9ritable ph\u00e9nom\u00e8ne de mode&#8230; Notamment dans les \u00e9coles, Lyc\u00e9es et Universit\u00e9s. L&rsquo;\u00e9cole Saint-Vincent situ\u00e9e \u00e0 Rennes, pr\u00e8s du centre-ville, permet aux \u00e9l\u00e8ves qui y sont scolaris\u00e9s de b\u00e9n\u00e9ficier de programmes culturels propos\u00e9s par la municipalit\u00e9 de Rennes : mus\u00e9e, th\u00e9\u00e2tre, cin\u00e9ma\u2026 Elle compte pr\u00e8s de 2 250 \u00e9l\u00e8ves, de [&hellip;]<\/p>\n","protected":false},"author":2,"featured_media":1731,"comment_status":"open","ping_status":"open","sticky":false,"template":"","format":"standard","meta":{"_seopress_robots_primary_cat":"","_seopress_titles_title":"","_seopress_titles_desc":"","_seopress_robots_index":"","_et_pb_use_builder":"","_et_pb_old_content":"","_et_gb_content_width":"","footnotes":""},"categories":[12],"tags":[19],"class_list":["post-1734","post","type-post","status-publish","format-standard","has-post-thumbnail","hentry","category-realisations","tag-tote-bag-personnalises","et-has-post-format-content","et_post_format-et-post-format-standard"],"_links":{"self":[{"href":"https:\/\/www.standard-serigraphie.com\/blog\/wp-json\/wp\/v2\/posts\/1734","targetHints":{"allow":["GET"]}}],"collection":[{"href":"https:\/\/www.standard-serigraphie.com\/blog\/wp-json\/wp\/v2\/posts"}],"about":[{"href":"https:\/\/www.standard-serigraphie.com\/blog\/wp-json\/wp\/v2\/types\/post"}],"author":[{"embeddable":true,"href":"https:\/\/www.standard-serigraphie.com\/blog\/wp-json\/wp\/v2\/users\/2"}],"replies":[{"embeddable":true,"href":"https:\/\/www.standard-serigraphie.com\/blog\/wp-json\/wp\/v2\/comments?post=1734"}],"version-history":[{"count":39,"href":"https:\/\/www.standard-serigraphie.com\/blog\/wp-json\/wp\/v2\/posts\/1734\/revisions"}],"predecessor-version":[{"id":1966,"href":"https:\/\/www.standard-serigraphie.com\/blog\/wp-json\/wp\/v2\/posts\/1734\/revisions\/1966"}],"wp:featuredmedia":[{"embeddable":true,"href":"https:\/\/www.standard-serigraphie.com\/blog\/wp-json\/wp\/v2\/media\/1731"}],"wp:attachment":[{"href":"https:\/\/www.standard-serigraphie.com\/blog\/wp-json\/wp\/v2\/media?parent=1734"}],"wp:term":[{"taxonomy":"category","embeddable":true,"href":"https:\/\/www.standard-serigraphie.com\/blog\/wp-json\/wp\/v2\/categories?post=1734"},{"taxonomy":"post_tag","embeddable":true,"href":"https:\/\/www.standard-serigraphie.com\/blog\/wp-json\/wp\/v2\/tags?post=1734"}],"curies":[{"name":"wp","href":"https:\/\/api.w.org\/{rel}","templated":true}]}}